{"id":2028,"date":"2026-04-21T16:48:28","date_gmt":"2026-04-21T14:48:28","guid":{"rendered":"https:\/\/www.victum.sk\/polus\/?p=2028"},"modified":"2026-04-29T19:08:08","modified_gmt":"2026-04-29T17:08:08","slug":"rekonstrukcia-polus","status":"publish","type":"post","link":"https:\/\/www.victum.sk\/polus\/rekonstrukcia-polus","title":{"rendered":"Rekon\u0161trukcia Polus"},"content":{"rendered":"<div class=\"grve-section grve-row-section grve-fullwidth-background grve-padding-top-1x grve-padding-bottom-1x grve-with-bg-transparent\" data-header-color=\"default\"><div class=\"grve-container\"><div class=\"grve-row grve-bookmark grve-columns-gap-default grve-mobile-vertical-gap-30\"><div class=\"grve-column wpb_column grve-bookmark grve-column-1  grve-with-bg-transparent\"><div class=\"grve-column-wrapper\"><div class=\"grve-column-content\" ><div class=\"grve-element grve-text\">\r\n\t\t\t<p>Po siedmich rokoch\u00a0 sa centrum ofici\u00e1lne vracia k svojmu <strong>p\u00f4vodn\u00e9mu n\u00e1zvu Polus<\/strong>, ktor\u00fd bol dlh\u00e9 roky symbolom modernej \u00e9ry nakupovania a stal sa pevnou s\u00fa\u010das\u0165ou identity Bratislav\u010danov. Rebranding predstavuje prv\u00fd vidite\u013en\u00fd krok rozsiahlej moderniz\u00e1cie, ktor\u00e1 u\u017e prebieha a postupne men\u00ed charakter cel\u00e9ho priestoru.<\/p>\n<p>Z\u00e1rove\u0148 centrum pokra\u010duje v \u010fal\u0161ej transform\u00e1cii \u2013 <strong>za\u010diatkom janu\u00e1ra 2026 od\u0161tartovala jeho rozsiahla rekon\u0161trukcia<\/strong>, ktor\u00e1 bude reflektova\u0165 predov\u0161etk\u00fdm potreby \u013eud\u00ed a ka\u017edodenn\u00e9ho mestsk\u00e9ho \u017eivota. Projekt zoh\u013ead\u0148uje aj pl\u00e1novan\u00fd developersk\u00fd rozvoj lokality v okol\u00ed jazera Kuchajda. Cie\u013eom je vytvori\u0165 <strong>praktick\u00e9 lok\u00e1lne n\u00e1kupn\u00e9 centrum<\/strong>, kde si n\u00e1v\u0161tevn\u00edci vybavia v\u0161etko potrebn\u00e9 na jednom mieste.<\/p>\n<p>Renov\u00e1cia sa zameriava najm\u00e4 na n\u00e1vrat k preh\u013eadn\u00e9mu p\u00f4dorysu, ktor\u00fd umo\u017e\u0148uje jednoduch\u00fd a intuit\u00edvny pohyb. S\u00fa\u010das\u0165ou zmien je aj zavedenie nov\u00fdch naviga\u010dn\u00fdch prvkov, efekt\u00edvnej\u0161ie rozmiestnenie prev\u00e1dzok a postupn\u00e9 budovanie vyv\u00e1\u017een\u00e9ho tenant mixu.<\/p>\n<p>V\u0161etky zmeny s\u00fa navrhnut\u00e9 tak, aby priniesli <strong>praktickej\u0161ie, modernej\u0161ie a atrakt\u00edvnej\u0161ie prostredie<\/strong>, ktor\u00e9 zlep\u0161\u00ed celkov\u00fd z\u00e1\u017eitok z n\u00e1v\u0161tevy. Rekon\u0161trukcia sa dotkne nielen vizu\u00e1lnej str\u00e1nky centra, ale aj jeho funk\u010dnosti, aby Polus po n\u00e1vrate k svojej zna\u010dke naplno plnil \u00falohu prirodzen\u00e9ho mestsk\u00e9ho centra pre \u0161irok\u00fa verejnos\u0165.<\/p>\n<p><strong>Pr\u00edchod nov\u00fdch prev\u00e1dzok: S\u00fa\u010das\u0165ou Polusu sa stane Kaufland<\/strong><\/p>\n<p>U\u017e dnes sa tieto zmeny prejavuj\u00fa aj v ponuke. Medzi nov\u00fdmi prev\u00e1dzkami je napr\u00edklad fitness centrum <strong>Golem<\/strong> a postupne prib\u00fadaj\u00fa aj \u010fal\u0161ie koncepty. Ponuku posiln\u00ed aj pr\u00edchod zna\u010dky<strong> M\u00fcller<\/strong>, ktor\u00e1 roz\u0161\u00edri segment drog\u00e9rie a ka\u017edodenn\u00fdch n\u00e1kupov. Zna\u010dka M\u00fcller je zn\u00e1ma vysokou kvalitou a \u0161irok\u00fdm v\u00fdberom tovaru. Jej sortiment zah\u0155\u0148a drog\u00e9riu a parfum\u00e9riu, hra\u010dky, multim\u00e9di\u00e1, papiernictvo, dom\u00e1ce potreby, ako aj biopotraviny, cukrovinky, krmivo a potreby pre zvierat\u00e1.<\/p>\n<p>K\u013e\u00fa\u010dovou s\u00fa\u010das\u0165ou transform\u00e1cie bude aj pr\u00edchod nov\u00e9ho supermarketu <strong>Kaufland<\/strong>, ktor\u00fd sa bude nach\u00e1dza\u0165 v \u010dasti, ktor\u00e1 aktu\u00e1lne prech\u00e1dza rekon\u0161trukciou. Jeho otvorenie je pl\u00e1novan\u00e9 na jese\u0148 2026 a predstavuje d\u00f4le\u017eit\u00fd krok v nap\u013a\u0148an\u00ed strat\u00e9gie.<\/p>\n<p>&nbsp;<\/p>\n<p><strong>Aktu\u00e1lne inform\u00e1cie o rekon\u0161trukcii:<\/strong><\/p>\n<p>&#8211; Fokus Optika sa pres\u0165ahovala do nov\u00fdch priestorov na pr\u00edzem\u00ed, oproti predajni BioTech USA<\/p>\n<p>&#8211; Prev\u00e1dzky zo skupiny LPP ukon\u010dili p\u00f4sobenie v n\u00e1kupnom centre<\/p>\n<p>&#8211; Nail institute n\u00e1jdete na pr\u00edzem\u00ed ved\u013ea V\u00daB<\/p>\n<p>&#8211; Bijou Brigitte n\u00e1jdete na pr\u00edzem\u00ed v hlavnej rotunde ved\u013ea predajne Geco<\/p>\n<p>&#8211; Optika Mania je znovuotvoren\u00e1 od 24.1 na novom mieste, na pr\u00edzem\u00ed ved\u013ea predajne Tescoma<\/p>\n<p>&#8211; Star\u00fd Otec je od 9.1 pres\u0165ahovan\u00fd oproti prev\u00e1dzke \u0160evt na pr\u00edzem\u00ed<\/p>\n<p>&#8211; dm drog\u00e9ria je op\u00e4tovne otvoren\u00e1 od\u00a0 5.2.2026 na rovnakom mieste<\/p>\n<p>&#8211; Orion n\u00e1jdete od 9.1 na pr\u00edzem\u00ed v bl\u00edzkosti Beerstation a eskal\u00e1toru<\/p>\n<p>&#8211; Pepco je od 5.3. do\u010dasne zatvoren\u00e9<\/p>\n<p>&#8211; McDonald\u00b4s &#8211; je od 13.2. op\u00e4tovne otvoren\u00fd<\/p>\n<p>&#8211; Delia kaviare\u0148 je do\u010dasne zatvoren\u00e1<\/p>\n<p>&#8211; Predaj\u0148a Lindex je od 18.3.2026 zatvoren\u00e1<\/p>\n<p>&#8211; Predaj\u0148a Milano Moda je op\u00e4tovne otvoren\u00e1 na pr\u00edzem\u00ed oproti predajni Fokus<\/p>\n<p>&#8211; Beerstation n\u00e1jdete \u010doskoro na novom mieste<\/p>\n\r\n\t\t<\/div>\r\n\t<\/div><\/div><\/div><\/div><\/div><\/div>\n","protected":false},"excerpt":{"rendered":"Po siedmich rokoch\u00a0 sa centrum ofici\u00e1lne vracia k svojmu p\u00f4vodn\u00e9mu n\u00e1zvu Polus, ktor\u00fd bol dlh\u00e9 roky symbolom modernej \u00e9ry nakupovania a stal sa pevnou s\u00fa\u010das\u0165ou identity Bratislav\u010danov. Rebranding predstavuje prv\u00fd vidite\u013en\u00fd krok rozsiahlej moderniz\u00e1cie, ktor\u00e1 u\u017e prebieha a postupne men\u00ed charakter cel\u00e9ho priestoru. Z\u00e1rove\u0148 centrum pokra\u010duje v \u010fal\u0161ej transform\u00e1cii \u2013 za\u010diatkom janu\u00e1ra 2026 od\u0161tartovala jeho rozsiahla rekon\u0161trukcia, ktor\u00e1 bude reflektova\u0165 predov\u0161etk\u00fdm potreby \u013eud\u00ed a ka\u017edodenn\u00e9ho mestsk\u00e9ho \u017eivota. Projekt zoh\u013ead\u0148uje aj pl\u00e1novan\u00fd developersk\u00fd rozvoj lokality v okol\u00ed jazera Kuchajda. Cie\u013eom je [...]","protected":false},"author":2,"featured_media":31,"comment_status":"open","ping_status":"open","sticky":false,"template":"","format":"standard","meta":{"inline_featured_image":false,"footnotes":""},"categories":[3],"tags":[],"class_list":["post-2028","post","type-post","status-publish","format-standard","has-post-thumbnail","hentry","category-header","grve-entry-item","grve-blog-item"],"_links":{"self":[{"href":"https:\/\/www.victum.sk\/polus\/wp-json\/wp\/v2\/posts\/2028","targetHints":{"allow":["GET"]}}],"collection":[{"href":"https:\/\/www.victum.sk\/polus\/wp-json\/wp\/v2\/posts"}],"about":[{"href":"https:\/\/www.victum.sk\/polus\/wp-json\/wp\/v2\/types\/post"}],"author":[{"embeddable":true,"href":"https:\/\/www.victum.sk\/polus\/wp-json\/wp\/v2\/users\/2"}],"replies":[{"embeddable":true,"href":"https:\/\/www.victum.sk\/polus\/wp-json\/wp\/v2\/comments?post=2028"}],"version-history":[{"count":10,"href":"https:\/\/www.victum.sk\/polus\/wp-json\/wp\/v2\/posts\/2028\/revisions"}],"predecessor-version":[{"id":2105,"href":"https:\/\/www.victum.sk\/polus\/wp-json\/wp\/v2\/posts\/2028\/revisions\/2105"}],"wp:featuredmedia":[{"embeddable":true,"href":"https:\/\/www.victum.sk\/polus\/wp-json\/wp\/v2\/media\/31"}],"wp:attachment":[{"href":"https:\/\/www.victum.sk\/polus\/wp-json\/wp\/v2\/media?parent=2028"}],"wp:term":[{"taxonomy":"category","embeddable":true,"href":"https:\/\/www.victum.sk\/polus\/wp-json\/wp\/v2\/categories?post=2028"},{"taxonomy":"post_tag","embeddable":true,"href":"https:\/\/www.victum.sk\/polus\/wp-json\/wp\/v2\/tags?post=2028"}],"curies":[{"name":"wp","href":"https:\/\/api.w.org\/{rel}","templated":true}]}}